{"id":5,"date":"2023-07-09T04:15:30","date_gmt":"2023-07-09T04:15:30","guid":{"rendered":"http:\/\/lazyfox.com.co\/?p=5"},"modified":"2023-07-09T04:15:30","modified_gmt":"2023-07-09T04:15:30","slug":"transformando-vidas-la-teleton-peru-y-su-impacto-en-la-sociedad","status":"publish","type":"post","link":"https:\/\/lazyfox.com.co\/?p=5","title":{"rendered":"Transformando vidas: La Telet\u00f3n Per\u00fa y su impacto en la sociedad"},"content":{"rendered":"<h2>La inclusi\u00f3n como motor de cambio<\/h2>\n<p>En La Telet\u00f3n Per\u00fa creemos firmemente en el poder transformador de la inclusi\u00f3n. Es por eso que cada a\u00f1o nos esforzamos por generar conciencia sobre las necesidades de las personas con discapacidad y promover su plena integraci\u00f3n en la sociedad. Trabajamos incansablemente para construir un mundo en el que todos tengan igualdad de oportunidades y puedan desarrollar su m\u00e1ximo potencial.<\/p>\n<p>Gracias al apoyo y la generosidad de miles de peruanos, hemos logrado construir y equipar centros de rehabilitaci\u00f3n en todo el pa\u00eds. Estos centros no solo brindan atenci\u00f3n m\u00e9dica especializada, sino tambi\u00e9n programas de terapia y atenci\u00f3n integral que ayudan a nuestros beneficiarios a recuperar su independencia y mejorar su calidad de vida.<\/p>\n<h2>Comprometidos con la educaci\u00f3n y el bienestar emocional<\/h2>\n<p>En La Telet\u00f3n Per\u00fa entendemos que la inclusi\u00f3n va m\u00e1s all\u00e1 de la atenci\u00f3n m\u00e9dica. Por eso, tambi\u00e9n ofrecemos becas educativas para que las personas con discapacidad tengan acceso a una educaci\u00f3n de calidad y puedan desarrollar sus habilidades y talentos. Creemos que la educaci\u00f3n es fundamental para romper barreras y abrir puertas.<\/p>\n<p>Adem\u00e1s, sabemos que el bienestar emocional es clave para el desarrollo integral de las personas con discapacidad. Por eso, tambi\u00e9n brindamos apoyo psicol\u00f3gico a nuestros beneficiarios y sus familias, para que puedan afrontar los desaf\u00edos diarios y fortalecer su resiliencia.<\/p>\n<h2>Un futuro inclusivo para todos<\/h2>\n<p>En La Telet\u00f3n Per\u00fa nos sentimos orgullosos de todo lo que hemos logrado, pero sabemos que a\u00fan queda mucho por hacer. Nuestro compromiso con las personas con discapacidad y sus familias es inquebrantable, y seguiremos trabajando para construir un futuro inclusivo para todos.<\/p>\n<p>Queremos invitarlos a ser parte de esta gran familia que lucha por la igualdad de oportunidades. Cada aporte, por peque\u00f1o que sea, puede marcar la diferencia en la vida de una persona con discapacidad. Juntos, podemos transformar vidas y construir un mundo m\u00e1s inclusivo.<\/p>\n","protected":false},"excerpt":{"rendered":"<p>La inclusi\u00f3n como motor de cambio En La Telet\u00f3n Per\u00fa creemos firmemente en el poder transformador de la inclusi\u00f3n. Es por eso que cada a\u00f1o nos esforzamos por generar conciencia sobre las necesidades de las personas con discapacidad y promover su plena integraci\u00f3n en la sociedad. Trabajamos incansablemente para construir un mundo en el que [&hellip;]<\/p>\n","protected":false},"author":1,"featured_media":0,"comment_status":"open","ping_status":"open","sticky":false,"template":"","format":"standard","meta":[],"categories":[1],"tags":[],"aioseo_notices":[],"_links":{"self":[{"href":"https:\/\/lazyfox.com.co\/index.php?rest_route=\/wp\/v2\/posts\/5"}],"collection":[{"href":"https:\/\/lazyfox.com.co\/index.php?rest_route=\/wp\/v2\/posts"}],"about":[{"href":"https:\/\/lazyfox.com.co\/index.php?rest_route=\/wp\/v2\/types\/post"}],"author":[{"embeddable":true,"href":"https:\/\/lazyfox.com.co\/index.php?rest_route=\/wp\/v2\/users\/1"}],"replies":[{"embeddable":true,"href":"https:\/\/lazyfox.com.co\/index.php?rest_route=%2Fwp%2Fv2%2Fcomments&post=5"}],"version-history":[{"count":0,"href":"https:\/\/lazyfox.com.co\/index.php?rest_route=\/wp\/v2\/posts\/5\/revisions"}],"wp:attachment":[{"href":"https:\/\/lazyfox.com.co\/index.php?rest_route=%2Fwp%2Fv2%2Fmedia&parent=5"}],"wp:term":[{"taxonomy":"category","embeddable":true,"href":"https:\/\/lazyfox.com.co\/index.php?rest_route=%2Fwp%2Fv2%2Fcategories&post=5"},{"taxonomy":"post_tag","embeddable":true,"href":"https:\/\/lazyfox.com.co\/index.php?rest_route=%2Fwp%2Fv2%2Ftags&post=5"}],"curies":[{"name":"wp","href":"https:\/\/api.w.org\/{rel}","templated":true}]}}